{"id":1044,"date":"2011-12-16T11:54:47","date_gmt":"2011-12-16T10:54:47","guid":{"rendered":"https:\/\/www.bioscabotey.es\/?p=1044"},"modified":"2022-01-17T11:06:05","modified_gmt":"2022-01-17T10:06:05","slug":"grupo-faro-cerrara-este-ejercicio-con-un-aumento-del-11","status":"publish","type":"post","link":"https:\/\/www.bioscabotey.es\/ca\/grupo-faro-cerrara-este-ejercicio-con-un-aumento-del-11\/","title":{"rendered":"GRUP FARO CREIX UN 11%&#8230;"},"content":{"rendered":"<p>GRUP FARO TANCAR\u00c0 AQUEST EXERCICI AMB UN AUGMENT DEL 11% EN LA SEVA FACTURACI\u00d3 I UN INCREMENT DEL 50% EN ELS SEUS EXPORTACIONS<\/p>\n<p>L&#8217;empresa, especialitzada en il \u00b7 luminaci\u00f3 i ventilaci\u00f3, tamb\u00e9 ha adquirit la m\u00edtica botiga Biosca &amp; Botey i l&#8217;ha reinaugurat amb noves idees i serveis<\/p>\n<p>Barcelona, \u200b\u200b15 de desembre .- Per Grup Far aquest ha estat un any de treball dur per\u00f2 amb bons resultats ja que la companyia preveu tancar aquest exercici amb un augment de les exportacions del 50% respecte a l&#8217;any anterior. Per la seva banda, el volum general de negoci tamb\u00e9 advertir\u00e0 un increment de l&#8217;11%, de manera que se situar\u00e0 en els 16 milions d&#8217;euros.<\/p>\n<p>Segons declaren Carlos L\u00f3pez Orejudo, president del Grup, i Xavier Mart\u00edn Conillas, director general, &#8220;el 2012 l&#8217;empresa t\u00e9 previst mantenir la seva l\u00ednia de creixement al voltant del 10% i impulsar vendes a Am\u00e8rica del Sud, Oceania i pa\u00efsos asi\u00e0tics&#8221;.<\/p>\n<p>Creada fa 60 anys, Grup Faro \u00e9s una empresa especialitzada en il \u00b7 luminaci\u00f3 i ventilaci\u00f3 que en l&#8217;actualitat desenvolupa diverses l\u00ednies de negoci. Compte amb 90 treballadors i disposa d&#8217;instal \u00b7 lacions Santander, Barcelona, \u200b\u200bCabrera de Mar i Castellbisbal, en aquesta \u00faltima poblaci\u00f3 hi ha la seva seu central que ocupa 12.000 m2 en els quals es troben les oficines, showroom de producte, magatzem, control de qualitat &#8230;<\/p>\n<p>El 2007 l&#8217;empresa va decidir impulsar la internacionalitzaci\u00f3 i ara situa les exportacions al voltant de 3,6 milions d&#8217;euros, el que representa un 24% del seu volum de negoci. La signatura ha comptat amb el suport del Departament d&#8217;Empresa i Ocupaci\u00f3 a trav\u00e9s del programa d&#8217;impuls a la internacionalitzaci\u00f3 Nex Pipe d&#8217;ACC1\u00d3.<br \/>\nDes dels seus inicis, Grup Far ha apostat per la diversificaci\u00f3 de mercats i actualment exporta a 44 pa\u00efsos. Les principals destinacions s\u00f3n Fran\u00e7a, It\u00e0lia, Alemanya i Portugal, per\u00f2 el 2011 ha introdu\u00eft els seus productes als Estats Units, Corea del Sud i Xile, entre d&#8217;altres.<\/p>\n<p><em>El nou espai BioscaBotey<\/em><br \/>\nEl passat mes d&#8217;agost Grup Far va adquirir l&#8217;emblem\u00e0tica botiga d&#8217;il \u00b7 luminaci\u00f3 BioscaBotey, situada a l&#8217;Avinguda Diagonal de Barcelona. L&#8217;establiment ocupa 1.500 m2 i est\u00e0 pensat per a que particulars i professionals trobin solucions lum\u00edniques per a llars i grans projectes.<br \/>\nAix\u00ed en el seu apartat &#8220;contract&#8221;, els professionals rebran assessorament personalitzat per a cada un dels seus projectes (realitzaci\u00f3 de c\u00e0lculs lum\u00ednics, simulaci\u00f3 lum\u00ednica en 3D, estudis de sostenibilitat i amortitzaci\u00f3, etc.) A m\u00e9s, pr\u00f2ximament, inaugurar\u00e0 el Light Room Lab, una sala multifuncional en qu\u00e8 es podran realitzar recreacions lum\u00edniques de l&#8217;els projectes, adaptant l&#8217;espai a les caracter\u00edstiques t\u00e8cniques de cada un.<br \/>\nA la botiga s&#8217;exhibeixen m\u00e9s de 300 models, alguns d&#8217;ells en exclusiva s\u00f3n mostrats per primera vegada a Espanya (com la llum Solstice Comet de Baccarat valorada en 42.000 euros). A m\u00e9s, compta amb llums de les m\u00e9s prestigioses empreses i dissenyadors, nacionals i internacionals, tant per a interior com exterior.<br \/>\nPer\u00f2 una de les seves aportacions m\u00e9s noves \u00e9s la seva voluntat d&#8217;esdevenir un espai interactiu en qu\u00e8 els clients podran informar-se i consultar documentaci\u00f3 a trav\u00e9s de terminals intel \u00b7 ligents i en el qual peri\u00f2dicament es realitzaran activitats l\u00fadiques i culturals al voltant de la llum.<\/p>","protected":false},"excerpt":{"rendered":"<p>L&#8217;empresa, especialitzada en il \u00b7 luminaci\u00f3 i ventilaci\u00f3, tamb\u00e9 ha adquirit la m\u00edtica botiga Biosca &#038; Botey i l&#8217;ha reinaugurat amb noves idees i serveis<\/p>\n","protected":false},"author":2,"featured_media":0,"comment_status":"closed","ping_status":"closed","sticky":false,"template":"","format":"standard","meta":{"footnotes":""},"categories":[41],"tags":[],"class_list":["post-1044","post","type-post","status-publish","format-standard","hentry","category-prensa"],"aioseo_notices":[],"jetpack_featured_media_url":"","_links":{"self":[{"href":"https:\/\/www.bioscabotey.es\/ca\/wp-json\/wp\/v2\/posts\/1044","targetHints":{"allow":["GET"]}}],"collection":[{"href":"https:\/\/www.bioscabotey.es\/ca\/wp-json\/wp\/v2\/posts"}],"about":[{"href":"https:\/\/www.bioscabotey.es\/ca\/wp-json\/wp\/v2\/types\/post"}],"author":[{"embeddable":true,"href":"https:\/\/www.bioscabotey.es\/ca\/wp-json\/wp\/v2\/users\/2"}],"replies":[{"embeddable":true,"href":"https:\/\/www.bioscabotey.es\/ca\/wp-json\/wp\/v2\/comments?post=1044"}],"version-history":[{"count":7,"href":"https:\/\/www.bioscabotey.es\/ca\/wp-json\/wp\/v2\/posts\/1044\/revisions"}],"predecessor-version":[{"id":7178,"href":"https:\/\/www.bioscabotey.es\/ca\/wp-json\/wp\/v2\/posts\/1044\/revisions\/7178"}],"wp:attachment":[{"href":"https:\/\/www.bioscabotey.es\/ca\/wp-json\/wp\/v2\/media?parent=1044"}],"wp:term":[{"taxonomy":"category","embeddable":true,"href":"https:\/\/www.bioscabotey.es\/ca\/wp-json\/wp\/v2\/categories?post=1044"},{"taxonomy":"post_tag","embeddable":true,"href":"https:\/\/www.bioscabotey.es\/ca\/wp-json\/wp\/v2\/tags?post=1044"}],"curies":[{"name":"wp","href":"https:\/\/api.w.org\/{rel}","templated":true}]}}