{"id":7131,"date":"2021-12-24T08:54:31","date_gmt":"2021-12-24T07:54:31","guid":{"rendered":"https:\/\/www.bioscabotey.es\/?p=7131"},"modified":"2022-04-05T11:10:55","modified_gmt":"2022-04-05T09:10:55","slug":"sobremesa-geyser-de-lineas-suaves-y-sobriedad-visual","status":"publish","type":"post","link":"https:\/\/www.bioscabotey.es\/ca\/sobremesa-geyser-de-lineas-suaves-y-sobriedad-visual\/","title":{"rendered":"GEYSER la sobretaula de l\u00ednies suaus i sobrietat visual"},"content":{"rendered":"<p>Arriba a\u00a0<strong>BioscaBotey\u00a0<\/strong>la llumin\u00e0ria de sobretaula\u00a0<strong>GEYSER\u00a0<\/strong>de <strong>MILAN ILUMINACI\u00d3N<\/strong>. La llumin\u00e0ria dissenyada per <strong>Jordi Jan\u00e9<\/strong> es compon d&#8217;una base estampada en acer i acabada en lacatge negre mat, que permet la regularitzaci\u00f3 de la llum, en tres fases, mitjan\u00e7ant un sistema t\u00e0ctil \u201ctouch\u201d. La pantalla difusora \u00e9s de vidre opal satinat. El model de <strong>MILAN ILUMINACI\u00d3N<\/strong> es fabrica en dues grand\u00e0ries i recentment han llan\u00e7at les versions d&#8217;aplicaci\u00f3 i plaf\u00f3 de sostre.<\/p>\n<p><strong>GEYSER<\/strong> est\u00e0 dissenyada per a un llum Led E27, la qual cosa permet decidir la intensitat i la temperatura de color que es generar\u00e0 a trav\u00e9s del seu c\u00e0lid difusor. Com el seu nom ens indica, la sobretaula s&#8217;inspira en la naturalesa d&#8217;Isl\u00e0ndia; concretament en el dibuix o silueta que genera l&#8217;explosi\u00f3 del vapor d&#8217;aigua, quan emergeix a trav\u00e9s de les roques poroses. Un efecte natural \u00fanic i un espectacle que es genera a causa del contacte subterrani de l&#8217;aigua amb les roques calentes pel magma. Sens dubte, la sobretaula <strong>GEYSER<\/strong>, de l\u00ednies suaus i sobrietat visual, representa una opci\u00f3 \u00f2ptima de confort visual per al nostre sal\u00f3.<\/p>","protected":false},"excerpt":{"rendered":"<p>Arriba a\u00a0BioscaBotey\u00a0la llumin\u00e0ria de sobretaula\u00a0GEYSER\u00a0de MILAN ILUMINACI\u00d3N. La llumin\u00e0ria dissenyada per Jordi Jan\u00e9 es compon d&#8217;una base estampada en acer i acabada en lacatge negre mat,<span class=\"excerpt-hellip\"> [\u2026]<\/span><\/p>\n","protected":false},"author":2,"featured_media":7132,"comment_status":"closed","ping_status":"closed","sticky":false,"template":"","format":"standard","meta":{"footnotes":""},"categories":[10],"tags":[],"class_list":["post-7131","post","type-post","status-publish","format-standard","has-post-thumbnail","hentry","category-noticias"],"aioseo_notices":[],"jetpack_featured_media_url":"https:\/\/www.bioscabotey.es\/wp-content\/uploads\/2021\/12\/geyser_milan.jpg","_links":{"self":[{"href":"https:\/\/www.bioscabotey.es\/ca\/wp-json\/wp\/v2\/posts\/7131","targetHints":{"allow":["GET"]}}],"collection":[{"href":"https:\/\/www.bioscabotey.es\/ca\/wp-json\/wp\/v2\/posts"}],"about":[{"href":"https:\/\/www.bioscabotey.es\/ca\/wp-json\/wp\/v2\/types\/post"}],"author":[{"embeddable":true,"href":"https:\/\/www.bioscabotey.es\/ca\/wp-json\/wp\/v2\/users\/2"}],"replies":[{"embeddable":true,"href":"https:\/\/www.bioscabotey.es\/ca\/wp-json\/wp\/v2\/comments?post=7131"}],"version-history":[{"count":4,"href":"https:\/\/www.bioscabotey.es\/ca\/wp-json\/wp\/v2\/posts\/7131\/revisions"}],"predecessor-version":[{"id":7136,"href":"https:\/\/www.bioscabotey.es\/ca\/wp-json\/wp\/v2\/posts\/7131\/revisions\/7136"}],"wp:featuredmedia":[{"embeddable":true,"href":"https:\/\/www.bioscabotey.es\/ca\/wp-json\/wp\/v2\/media\/7132"}],"wp:attachment":[{"href":"https:\/\/www.bioscabotey.es\/ca\/wp-json\/wp\/v2\/media?parent=7131"}],"wp:term":[{"taxonomy":"category","embeddable":true,"href":"https:\/\/www.bioscabotey.es\/ca\/wp-json\/wp\/v2\/categories?post=7131"},{"taxonomy":"post_tag","embeddable":true,"href":"https:\/\/www.bioscabotey.es\/ca\/wp-json\/wp\/v2\/tags?post=7131"}],"curies":[{"name":"wp","href":"https:\/\/api.w.org\/{rel}","templated":true}]}}