{"id":7208,"date":"2022-03-08T14:58:51","date_gmt":"2022-03-08T13:58:51","guid":{"rendered":"https:\/\/www.bioscabotey.es\/?p=7208"},"modified":"2022-05-06T12:41:37","modified_gmt":"2022-05-06T10:41:37","slug":"un-catalogo-lleno-de-inspiracion-y-75-anos-de-luz","status":"publish","type":"post","link":"https:\/\/www.bioscabotey.es\/ca\/un-catalogo-lleno-de-inspiracion-y-75-anos-de-luz\/","title":{"rendered":"Un cat\u00e0leg ple d&#8217;inspiraci\u00f3 i 75 anys de llum"},"content":{"rendered":"<p>2022 \u00e9s un any especial per a Faro Barcelona, ja que celebren 75 anys de llum, disseny i creativitat en il\u00b7luminaci\u00f3 i ventilaci\u00f3.<\/p>\n<p>Ho fan estrenant un cat\u00e0leg amb m\u00e9s de 700 p\u00e0gines plenes d&#8217;idees, solucions i tend\u00e8ncies, i treballant m\u00e9s que mai el seu el seu prop\u00f2sit amb dissenys que aposten per la funcionalitat i l&#8217;enginy, amb la mirada posada en el benestar de l\u2019entorn i de les persones.<\/p>\n<p>Apostant per un cam\u00ed cap a la sostenibilitat, respectant el planeta i les persones. \u00c9s per aix\u00f2 que, en el seu nou cat\u00e0leg trobareu dissenys sostenibles que, des de la seva concepci\u00f3, tenen molt present reduir l&#8217;impacte ambiental que aquests poden tenir, treballant amb menys i millors materials, millorant la reparabilidad i l&#8217;efici\u00e8ncia, entre altres.<\/p>","protected":false},"excerpt":{"rendered":"<p>2022 \u00e9s un any especial per a Faro Barcelona, ja que celebren 75 anys de llum, disseny i creativitat en il\u00b7luminaci\u00f3 i ventilaci\u00f3.<\/p>\n","protected":false},"author":2,"featured_media":7210,"comment_status":"closed","ping_status":"closed","sticky":false,"template":"","format":"standard","meta":{"footnotes":""},"categories":[10],"tags":[257],"class_list":["post-7208","post","type-post","status-publish","format-standard","has-post-thumbnail","hentry","category-noticias","tag-faro-barcelona"],"aioseo_notices":[],"jetpack_featured_media_url":"https:\/\/www.bioscabotey.es\/wp-content\/uploads\/2022\/03\/novedades-faro.jpg","_links":{"self":[{"href":"https:\/\/www.bioscabotey.es\/ca\/wp-json\/wp\/v2\/posts\/7208","targetHints":{"allow":["GET"]}}],"collection":[{"href":"https:\/\/www.bioscabotey.es\/ca\/wp-json\/wp\/v2\/posts"}],"about":[{"href":"https:\/\/www.bioscabotey.es\/ca\/wp-json\/wp\/v2\/types\/post"}],"author":[{"embeddable":true,"href":"https:\/\/www.bioscabotey.es\/ca\/wp-json\/wp\/v2\/users\/2"}],"replies":[{"embeddable":true,"href":"https:\/\/www.bioscabotey.es\/ca\/wp-json\/wp\/v2\/comments?post=7208"}],"version-history":[{"count":4,"href":"https:\/\/www.bioscabotey.es\/ca\/wp-json\/wp\/v2\/posts\/7208\/revisions"}],"predecessor-version":[{"id":7213,"href":"https:\/\/www.bioscabotey.es\/ca\/wp-json\/wp\/v2\/posts\/7208\/revisions\/7213"}],"wp:featuredmedia":[{"embeddable":true,"href":"https:\/\/www.bioscabotey.es\/ca\/wp-json\/wp\/v2\/media\/7210"}],"wp:attachment":[{"href":"https:\/\/www.bioscabotey.es\/ca\/wp-json\/wp\/v2\/media?parent=7208"}],"wp:term":[{"taxonomy":"category","embeddable":true,"href":"https:\/\/www.bioscabotey.es\/ca\/wp-json\/wp\/v2\/categories?post=7208"},{"taxonomy":"post_tag","embeddable":true,"href":"https:\/\/www.bioscabotey.es\/ca\/wp-json\/wp\/v2\/tags?post=7208"}],"curies":[{"name":"wp","href":"https:\/\/api.w.org\/{rel}","templated":true}]}}