{"id":7612,"date":"2025-01-29T16:40:51","date_gmt":"2025-01-29T15:40:51","guid":{"rendered":"https:\/\/www.bioscabotey.es\/?p=7612"},"modified":"2026-04-02T12:10:57","modified_gmt":"2026-04-02T10:10:57","slug":"bela-la-carismatica-apuesta-por-el-color-de-faro-barcelona","status":"publish","type":"post","link":"https:\/\/www.bioscabotey.es\/ca\/bela-la-carismatica-apuesta-por-el-color-de-faro-barcelona\/","title":{"rendered":"Bela, la carism\u00e0tica aposta pel color de Faro Barcelona"},"content":{"rendered":"<p><span style=\"font-weight: 400;\">L&#8217;any nou porta amb si els nous cat\u00e0legs de <a href=\"https:\/\/faro.es\/ca\/\">Faro Barcelona<\/a> i, amb ells, noves col\u00b7leccions que marquen les \u00faltimes tend\u00e8ncies en il\u00b7luminaci\u00f3 i ventilaci\u00f3.<\/span><\/p>\n<p style=\"text-align: left;\"><span style=\"font-weight: 400;\"><a href=\"https:\/\/faro.es\/ca\/buscador\/?search=bela\">Bela<\/a> \u00e9s l&#8217;aposta de Faro Barcelona per un estil brillant, vers\u00e0til i ple de color. Una col\u00b7lecci\u00f3 de l\u00e0mpades de sobretaula, tamb\u00e9 convertibles en pin\u00e7a, que arriba disposada a captar totes les mirades al nostre aparador.<\/span><\/p>\n<p>&nbsp;<\/p>\n<p><img loading=\"lazy\" decoding=\"async\" class=\"aligncenter wp-image-7631\" src=\"https:\/\/www.bioscabotey.es\/wp-content\/uploads\/2025\/01\/ESCAPARATE-BELA-BIOSCABOTEY-FARO-BARCELONA-2-300x169.jpg\" alt=\"\" width=\"1016\" height=\"572\" srcset=\"https:\/\/www.bioscabotey.es\/wp-content\/uploads\/2025\/01\/ESCAPARATE-BELA-BIOSCABOTEY-FARO-BARCELONA-2-300x169.jpg 300w, https:\/\/www.bioscabotey.es\/wp-content\/uploads\/2025\/01\/ESCAPARATE-BELA-BIOSCABOTEY-FARO-BARCELONA-2-1024x576.jpg 1024w, https:\/\/www.bioscabotey.es\/wp-content\/uploads\/2025\/01\/ESCAPARATE-BELA-BIOSCABOTEY-FARO-BARCELONA-2-768x432.jpg 768w, https:\/\/www.bioscabotey.es\/wp-content\/uploads\/2025\/01\/ESCAPARATE-BELA-BIOSCABOTEY-FARO-BARCELONA-2-1536x864.jpg 1536w, https:\/\/www.bioscabotey.es\/wp-content\/uploads\/2025\/01\/ESCAPARATE-BELA-BIOSCABOTEY-FARO-BARCELONA-2-260x146.jpg 260w, https:\/\/www.bioscabotey.es\/wp-content\/uploads\/2025\/01\/ESCAPARATE-BELA-BIOSCABOTEY-FARO-BARCELONA-2-50x28.jpg 50w, https:\/\/www.bioscabotey.es\/wp-content\/uploads\/2025\/01\/ESCAPARATE-BELA-BIOSCABOTEY-FARO-BARCELONA-2-133x75.jpg 133w, https:\/\/www.bioscabotey.es\/wp-content\/uploads\/2025\/01\/ESCAPARATE-BELA-BIOSCABOTEY-FARO-BARCELONA-2-1200x675.jpg 1200w, https:\/\/www.bioscabotey.es\/wp-content\/uploads\/2025\/01\/ESCAPARATE-BELA-BIOSCABOTEY-FARO-BARCELONA-2.jpg 1920w\" sizes=\"auto, (max-width: 1016px) 100vw, 1016px\" \/><\/p>\n<p>&nbsp;<\/p>\n<p style=\"text-align: left;\"><span style=\"font-weight: 400;\">La firma barcelonina ha creat una composici\u00f3 gaireb\u00e9 escult\u00f2rica que inclou tota la gamma de colors de Bela: un vermell intens, un blau ser\u00e8, i els atemporals blanc i negre, tots amb acabats brillants que ressalten el seu disseny. L&#8217;aparador posa en evid\u00e8ncia tota la versatilitat de Bela: convertides en pin\u00e7a, desafiant la gravetat, i tamb\u00e9 col\u00b7locades com a l\u00e0mpada de sobretaula gr\u00e0cies a l&#8217;accessori d&#8217;aro que recull el cable i amaga la pin\u00e7a per a un acabat net i elegant.<\/span><\/p>\n<p>&nbsp;<\/p>\n<p style=\"text-align: left;\"><span style=\"font-weight: 400;\">Bela \u00e9s sin\u00f2nim de frescor i personalitat, i nom\u00e9s \u00e9s una de les moltes novetats que Faro Barcelona porta per aquest 2025.<\/span><\/p>\n<p>&nbsp;<\/p>\n<p style=\"text-align: left;\"><span style=\"font-weight: 400;\">Descobreix <a href=\"https:\/\/faro.es\/ca\/descobreix\/novetats\/\">totes les novetats<\/a> de Faro Barcelona a BioscaBotey.<\/span><\/p>\n<p style=\"text-align: left;\"><span style=\"font-weight: 400;\">T&#8217;hi esperem!<\/span><\/p>\n<p><\/p>","protected":false},"excerpt":{"rendered":"<p>L&#8217;any nou porta amb si els nous cat\u00e0legs de Faro Barcelona i, amb ells, noves col\u00b7leccions que marquen les \u00faltimes tend\u00e8ncies en il\u00b7luminaci\u00f3 i ventilaci\u00f3. Bela<span class=\"excerpt-hellip\"> [\u2026]<\/span><\/p>\n","protected":false},"author":2,"featured_media":7630,"comment_status":"closed","ping_status":"closed","sticky":false,"template":"","format":"standard","meta":{"footnotes":""},"categories":[67,1],"tags":[],"class_list":["post-7612","post","type-post","status-publish","format-standard","has-post-thumbnail","hentry","category-noticias-index","category-sin-categoria"],"aioseo_notices":[],"jetpack_featured_media_url":"https:\/\/www.bioscabotey.es\/wp-content\/uploads\/2025\/01\/ESCAPARATE-BELA-BIOSCABOTEY-FARO-BARCELONA.jpg","_links":{"self":[{"href":"https:\/\/www.bioscabotey.es\/ca\/wp-json\/wp\/v2\/posts\/7612","targetHints":{"allow":["GET"]}}],"collection":[{"href":"https:\/\/www.bioscabotey.es\/ca\/wp-json\/wp\/v2\/posts"}],"about":[{"href":"https:\/\/www.bioscabotey.es\/ca\/wp-json\/wp\/v2\/types\/post"}],"author":[{"embeddable":true,"href":"https:\/\/www.bioscabotey.es\/ca\/wp-json\/wp\/v2\/users\/2"}],"replies":[{"embeddable":true,"href":"https:\/\/www.bioscabotey.es\/ca\/wp-json\/wp\/v2\/comments?post=7612"}],"version-history":[{"count":9,"href":"https:\/\/www.bioscabotey.es\/ca\/wp-json\/wp\/v2\/posts\/7612\/revisions"}],"predecessor-version":[{"id":7762,"href":"https:\/\/www.bioscabotey.es\/ca\/wp-json\/wp\/v2\/posts\/7612\/revisions\/7762"}],"wp:featuredmedia":[{"embeddable":true,"href":"https:\/\/www.bioscabotey.es\/ca\/wp-json\/wp\/v2\/media\/7630"}],"wp:attachment":[{"href":"https:\/\/www.bioscabotey.es\/ca\/wp-json\/wp\/v2\/media?parent=7612"}],"wp:term":[{"taxonomy":"category","embeddable":true,"href":"https:\/\/www.bioscabotey.es\/ca\/wp-json\/wp\/v2\/categories?post=7612"},{"taxonomy":"post_tag","embeddable":true,"href":"https:\/\/www.bioscabotey.es\/ca\/wp-json\/wp\/v2\/tags?post=7612"}],"curies":[{"name":"wp","href":"https:\/\/api.w.org\/{rel}","templated":true}]}}