{"id":7650,"date":"2026-03-12T16:39:49","date_gmt":"2026-03-12T15:39:49","guid":{"rendered":"https:\/\/www.bioscabotey.es\/?p=7650"},"modified":"2026-04-02T12:07:08","modified_gmt":"2026-04-02T10:07:08","slug":"lumina-carrasquet-studio-faro-barcelona","status":"publish","type":"post","link":"https:\/\/www.bioscabotey.es\/ca\/lumina-carrasquet-studio-faro-barcelona\/","title":{"rendered":"Lumina, la col\u00b7lecci\u00f3 de Carrasquet Studio per a Faro Barcelona, \u200b\u200bja conquereix totes les mirades a BioscaBotey"},"content":{"rendered":"<p><img loading=\"lazy\" decoding=\"async\" class=\" wp-image-7651 alignright\" src=\"https:\/\/www.bioscabotey.es\/wp-content\/uploads\/2026\/03\/Lumina-Escaparate-BioscaBotey-Photo-by-Ricard-Badia-4-200x300.jpg\" alt=\"Lumina, designed by Carrasquet, in the BioscaBotey window display\" width=\"342\" height=\"513\" srcset=\"https:\/\/www.bioscabotey.es\/wp-content\/uploads\/2026\/03\/Lumina-Escaparate-BioscaBotey-Photo-by-Ricard-Badia-4-200x300.jpg 200w, https:\/\/www.bioscabotey.es\/wp-content\/uploads\/2026\/03\/Lumina-Escaparate-BioscaBotey-Photo-by-Ricard-Badia-4-682x1024.jpg 682w, https:\/\/www.bioscabotey.es\/wp-content\/uploads\/2026\/03\/Lumina-Escaparate-BioscaBotey-Photo-by-Ricard-Badia-4-768x1152.jpg 768w, https:\/\/www.bioscabotey.es\/wp-content\/uploads\/2026\/03\/Lumina-Escaparate-BioscaBotey-Photo-by-Ricard-Badia-4-1024x1536.jpg 1024w, https:\/\/www.bioscabotey.es\/wp-content\/uploads\/2026\/03\/Lumina-Escaparate-BioscaBotey-Photo-by-Ricard-Badia-4-97x146.jpg 97w, https:\/\/www.bioscabotey.es\/wp-content\/uploads\/2026\/03\/Lumina-Escaparate-BioscaBotey-Photo-by-Ricard-Badia-4-33x50.jpg 33w, https:\/\/www.bioscabotey.es\/wp-content\/uploads\/2026\/03\/Lumina-Escaparate-BioscaBotey-Photo-by-Ricard-Badia-4-50x75.jpg 50w, https:\/\/www.bioscabotey.es\/wp-content\/uploads\/2026\/03\/Lumina-Escaparate-BioscaBotey-Photo-by-Ricard-Badia-4.jpg 1333w\" sizes=\"auto, (max-width: 342px) 100vw, 342px\" \/>Aquest mes de mar\u00e7 brillarem amb <strong><a href=\"https:\/\/faro.es\/es\/buscador\/?search=lumina\">Lumina<\/a><\/strong>, la nova col\u00b7lecci\u00f3 de Carrasquet per a <strong>Faro Barcelona<\/strong>.<\/p>\n<p>La col\u00b7lecci\u00f3, que \u00e9s una de les <strong>novetats m\u00e9s destacades de la firma catalana per a aquest 2026<\/strong>, transcendeix la funci\u00f3 per convertir-se en una <strong>eina d\u2019arquitectura lum\u00ednica<\/strong>. El seu llenguatge arquitect\u00f2nic destaca per contraposici\u00f3 amb la resta de llumin\u00e0ries dissenyades per <a href=\"https:\/\/faro.es\/es\/nuestro-mundo\/disenadores\/carrasquet\/\">Carrasquet Studio<\/a> per a Faro Barcelona aquest 2026, que tenen un car\u00e0cter m\u00e9s decoratiu i desenfadat, com <strong>Toba<\/strong> o <strong>Narita<\/strong>. Tamb\u00e9 pots trobar aquestes col\u00b7leccions d\u2019il\u00b7luminaci\u00f3 exterior a BioscaBotey.<\/p>\n<p>Lumina est\u00e0 formada per una s\u00e8rie de llumin\u00e0ries de suspensi\u00f3 que parteixen d\u2019un m\u00f2dul de <strong>vidre estriat amb secci\u00f3 estrellada<\/strong>, una geometria que multiplica els reflexos i suavitza l\u2019emissi\u00f3 de la llum, revelant una textura c\u00e0lida i una pres\u00e8ncia solemne.<\/p>\n<p>La particularitat de Lumina \u00e9s que <strong>les seves peces es poden concatenar<\/strong>, unir o despenjar, permetent crear configuracions lineals, angulars o suspeses que s\u2019adapten amb flexibilitat a cada projecte. Cada composici\u00f3 projecta una llum equilibrada que pot integrar-se amb naturalitat a l\u2019arquitectura o formar composicions m\u00e9s escult\u00f2riques, amb gran pres\u00e8ncia.<\/p>\n<p><img loading=\"lazy\" decoding=\"async\" class=\"aligncenter wp-image-7653\" src=\"https:\/\/www.bioscabotey.es\/wp-content\/uploads\/2026\/03\/aparador-frontal-2026-Lumina-ALTA-300x207.jpg\" alt=\"\" width=\"789\" height=\"544\" srcset=\"https:\/\/www.bioscabotey.es\/wp-content\/uploads\/2026\/03\/aparador-frontal-2026-Lumina-ALTA-300x207.jpg 300w, https:\/\/www.bioscabotey.es\/wp-content\/uploads\/2026\/03\/aparador-frontal-2026-Lumina-ALTA-1024x706.jpg 1024w, https:\/\/www.bioscabotey.es\/wp-content\/uploads\/2026\/03\/aparador-frontal-2026-Lumina-ALTA-768x530.jpg 768w, https:\/\/www.bioscabotey.es\/wp-content\/uploads\/2026\/03\/aparador-frontal-2026-Lumina-ALTA-1536x1059.jpg 1536w, https:\/\/www.bioscabotey.es\/wp-content\/uploads\/2026\/03\/aparador-frontal-2026-Lumina-ALTA-212x146.jpg 212w, https:\/\/www.bioscabotey.es\/wp-content\/uploads\/2026\/03\/aparador-frontal-2026-Lumina-ALTA-50x34.jpg 50w, https:\/\/www.bioscabotey.es\/wp-content\/uploads\/2026\/03\/aparador-frontal-2026-Lumina-ALTA-109x75.jpg 109w, https:\/\/www.bioscabotey.es\/wp-content\/uploads\/2026\/03\/aparador-frontal-2026-Lumina-ALTA.jpg 2000w\" sizes=\"auto, (max-width: 789px) 100vw, 789px\" \/><\/p>\n<p>Lumina proposa una nova manera d\u2019habitar la llum: una arquitectura de l\u00ednies pures i atmosferes silencioses on tecnologia i emoci\u00f3 conviuen en equilibri.<\/p>\n<p><strong>Descobreix m\u00e9s sobre Lumina a BioscaBotey<\/strong>.<\/p>","protected":false},"excerpt":{"rendered":"<p>Aquest mes de mar\u00e7 brillarem amb Lumina, la nova col\u00b7lecci\u00f3 de Carrasquet per a Faro Barcelona. La col\u00b7lecci\u00f3, que \u00e9s una de les novetats m\u00e9s destacades<span class=\"excerpt-hellip\"> [\u2026]<\/span><\/p>\n","protected":false},"author":2,"featured_media":7653,"comment_status":"closed","ping_status":"closed","sticky":false,"template":"","format":"standard","meta":{"footnotes":""},"categories":[67,1],"tags":[],"class_list":["post-7650","post","type-post","status-publish","format-standard","has-post-thumbnail","hentry","category-noticias-index","category-sin-categoria"],"aioseo_notices":[],"jetpack_featured_media_url":"https:\/\/www.bioscabotey.es\/wp-content\/uploads\/2026\/03\/aparador-frontal-2026-Lumina-ALTA.jpg","_links":{"self":[{"href":"https:\/\/www.bioscabotey.es\/ca\/wp-json\/wp\/v2\/posts\/7650","targetHints":{"allow":["GET"]}}],"collection":[{"href":"https:\/\/www.bioscabotey.es\/ca\/wp-json\/wp\/v2\/posts"}],"about":[{"href":"https:\/\/www.bioscabotey.es\/ca\/wp-json\/wp\/v2\/types\/post"}],"author":[{"embeddable":true,"href":"https:\/\/www.bioscabotey.es\/ca\/wp-json\/wp\/v2\/users\/2"}],"replies":[{"embeddable":true,"href":"https:\/\/www.bioscabotey.es\/ca\/wp-json\/wp\/v2\/comments?post=7650"}],"version-history":[{"count":5,"href":"https:\/\/www.bioscabotey.es\/ca\/wp-json\/wp\/v2\/posts\/7650\/revisions"}],"predecessor-version":[{"id":7659,"href":"https:\/\/www.bioscabotey.es\/ca\/wp-json\/wp\/v2\/posts\/7650\/revisions\/7659"}],"wp:featuredmedia":[{"embeddable":true,"href":"https:\/\/www.bioscabotey.es\/ca\/wp-json\/wp\/v2\/media\/7653"}],"wp:attachment":[{"href":"https:\/\/www.bioscabotey.es\/ca\/wp-json\/wp\/v2\/media?parent=7650"}],"wp:term":[{"taxonomy":"category","embeddable":true,"href":"https:\/\/www.bioscabotey.es\/ca\/wp-json\/wp\/v2\/categories?post=7650"},{"taxonomy":"post_tag","embeddable":true,"href":"https:\/\/www.bioscabotey.es\/ca\/wp-json\/wp\/v2\/tags?post=7650"}],"curies":[{"name":"wp","href":"https:\/\/api.w.org\/{rel}","templated":true}]}}